{"id":9470,"date":"2018-10-17T16:03:31","date_gmt":"2018-10-17T19:03:31","guid":{"rendered":"https:\/\/www.univ-guyane.fr\/?p=9470"},"modified":"2024-06-27T16:11:21","modified_gmt":"2024-06-27T19:11:21","slug":"luniversite-de-guyane-participe-a-la-2e-edition-de-lopen-access-week","status":"publish","type":"post","link":"https:\/\/www.univ-guyane.fr\/pt\/2018\/10\/17\/luniversite-de-guyane-participe-a-la-2e-edition-de-lopen-access-week\/","title":{"rendered":"A Universidade da Guiana participa da 2\u00aa Semana do Acesso Aberto"},"content":{"rendered":"<div id=\"fws_69f396adb227b\"  data-column-margin=\"default\" data-midnight=\"dark\"  class=\"wpb_row vc_row-fluid vc_row\"  style=\"padding-top: 0px; padding-bottom: 0px; \"><div class=\"row-bg-wrap\" data-bg-animation=\"none\" data-bg-animation-delay=\"\" data-bg-overlay=\"false\"><div class=\"inner-wrap row-bg-layer\" ><div class=\"row-bg viewport-desktop\"  style=\"\"><\/div><\/div><\/div><div class=\"row_col_wrap_12 col span_12 dark left\">\n\t<div  class=\"vc_col-sm-12 wpb_column column_container vc_column_container col no-extra-padding inherit_tablet inherit_phone\"  data-padding-pos=\"all\" data-has-bg-color=\"false\" data-bg-color=\"\" data-bg-opacity=\"1\" data-animation=\"\" data-delay=\"0\" >\n\t\t<div class=\"vc_column-inner\" >\n\t\t\t<div class=\"wpb_wrapper\">\n\t\t\t\t\n<div class=\"wpb_text_column wpb_content_element  chapo\" >\n\t<div id=\"fws_65f306472a267\" class=\"wpb_row vc_row-fluid vc_row\" data-column-margin=\"default\" data-midnight=\"dark\">\n<div class=\"row_col_wrap_12 col span_12 dark left\">\n<div class=\"vc_col-sm-12 wpb_column column_container vc_column_container col no-extra-padding inherit_tablet inherit_phone\" data-padding-pos=\"all\" data-has-bg-color=\"false\" data-bg-color=\"\" data-bg-opacity=\"1\" data-animation=\"\" data-delay=\"0\">\n<div class=\"vc_column-inner\">\n<div class=\"wpb_wrapper\">\n<div class=\"wpb_text_column wpb_content_element\">\n<div class=\"wpb_wrapper\">\n<h2>A Universidade da Guiana, por meio de seu Service commun de la documentation, com o apoio financeiro do Grupo de Interesse IRISTA, da Escola de Doutorado e do laborat\u00f3rio ECOFOG, est\u00e1 participando da segunda edi\u00e7\u00e3o da Open Access Week 2018.<\/h2>\n<\/div>\n<\/div>\n<\/div>\n<\/div>\n<\/div>\n<\/div>\n<\/div>\n<\/div>\n\n\n\n\n<div class=\"wpb_text_column wpb_content_element\" >\n\t<div class=\"wpb_text_column wpb_content_element\">\n<div class=\"wpb_wrapper\">\n<div id=\"lipsum\">\n<div id=\"fws_65f306472a267\" class=\"wpb_row vc_row-fluid vc_row\" data-column-margin=\"default\" data-midnight=\"dark\">\n<div class=\"row_col_wrap_12 col span_12 dark left\">\n<div class=\"vc_col-sm-12 wpb_column column_container vc_column_container col no-extra-padding inherit_tablet inherit_phone\" data-padding-pos=\"all\" data-has-bg-color=\"false\" data-bg-color=\"\" data-bg-opacity=\"1\" data-animation=\"\" data-delay=\"0\">\n<div class=\"vc_column-inner\">\n<div class=\"wpb_wrapper\">\n<div class=\"wpb_text_column wpb_content_element\">\n<div class=\"wpb_wrapper\">\n<span class=\"nectar-dropcap\" >C <\/span>Sua Semana Internacional de Acesso Aberto \u00e9 um evento global para pesquisadores, criado para ajudar a promover o acesso aberto e o compartilhamento de conhecimento.<\/p>\n<\/div>\n<\/div>\n<\/div>\n<\/div>\n<\/div>\n<\/div>\n<\/div>\n<p>Na ocasi\u00e3o, Anna\u00efg Mah\u00e9, professora s\u00eanior de Ci\u00eancias da Informa\u00e7\u00e3o e da Comunica\u00e7\u00e3o na URFIST de Paris e na Ecole des Chartes, e pesquisadora da equipe DICEN (EA 4420), apresentar\u00e1 ferramentas bibliom\u00e9tricas e de avalia\u00e7\u00e3o de pesquisa para laborat\u00f3rios e estudantes de doutorado sobre o seguinte tema: \"Dos indicadores tradicionais aos novos indicadores: que lugar e que desafios para a avalia\u00e7\u00e3o de pesquisas submetidas em Open Access?<\/p>\n<p>Uma \"Halckathon\" \u00e9 lan\u00e7ada pela BU de 15\/10\/2018 a 26\/10\/2018: durante esse per\u00edodo, os pesquisadores podem enviar para o endere\u00e7o.\u00a0<a href=\"https:\/\/web.archive.org\/web\/20240314141423\/mailto:marie.latour@univ-guyane.fr\">marie.latour@univ-guyane.fr<\/a>\u00a0uma lista bibliogr\u00e1fica de documentos de pesquisa (artigos, teses, HDRs, livros, anais de confer\u00eancias etc.) que tenham publicado desde a funda\u00e7\u00e3o da UG. Ela ser\u00e1 acompanhada pelos documentos de texto completo validados pelos comit\u00eas de leitura antes (p\u00f3s-impress\u00e3o) e depois da publica\u00e7\u00e3o (vers\u00e3o dos editores). Juntamente com essas refer\u00eancias bibliogr\u00e1ficas, ser\u00e1 mencionado se esses documentos de pesquisa foram objeto de financiamento especial (fundos europeus, ANR, etc.). A BU ser\u00e1 respons\u00e1vel por enviar os documentos \u00e0 Hal, realizando todas as verifica\u00e7\u00f5es necess\u00e1rias previamente. Um relat\u00f3rio quantificado sobre a opera\u00e7\u00e3o est\u00e1 planejado para outubro de 2019.<\/p>\n<\/div>\n<\/div>\n<\/div>\n<div class=\"wpb_text_column wpb_content_element\">\n<div class=\"wpb_wrapper\">\n<h3>Semana 1<\/h3>\n<p><strong>Ter\u00e7a-feira, 16 de outubro\u00a0<\/strong><\/p>\n<p><strong>Das 10h \u00e0s 12h.<\/strong>\u00a0Workshop para pesquisadores do Laborat\u00f3rio Epat sobre o arquivo aberto HAL, ministrado por Marie Latour, Curadora de Bibliotecas.<\/p>\n<hr \/>\n<p><strong>Quarta-feira, 17 de outubro<\/strong><\/p>\n<p><strong>Das 10h \u00e0s 12h.<\/strong>\u00a0Workshop para pesquisadores do Laborat\u00f3rio EspaceDev sobre o tema do arquivo aberto HAL, ministrado por Marie Latour, Curadora de Bibliotecas.<\/p>\n<hr \/>\n<p><strong>Quinta-feira, 18 de outubro<\/strong><\/p>\n<p><strong>Das 10h \u00e0s 12h.<\/strong>\u00a0Workshop para pesquisadores do Laborat\u00f3rio MINEA sobre o arquivo aberto HAL, ministrado por Marie Latour, Curadora de Bibliotecas.<\/p>\n<hr \/>\n<p><strong>Sexta-feira, 19 de outubro<\/strong><\/p>\n<p><strong>Das 10h \u00e0s 12h.<\/strong>\u00a0Workshop para pesquisadores do Laborat\u00f3rio ECOFOG sobre o tema do arquivo aberto HAL, ministrado por Marie Latour, Curadora de Bibliotecas.<\/p>\n<h3>Semana 2<\/h3>\n<p><strong>Segunda-feira, 22 de outubro<\/strong><\/p>\n<p><strong>6 a 8 p.m. :\u00a0<\/strong>Palestra de Anna\u00efg Mah\u00e9 sobre o tema \"Como avaliar pesquisas depositadas em Open Access\".<\/p>\n<hr \/>\n<p><strong>Ter\u00e7a-feira, 23 de outubro<\/strong><\/p>\n<p><strong>Das 9h \u00e0s 11h.<\/strong>\u00a0Treinamento de pesquisadores da ECOFOG no uso de ferramentas tradicionais de avalia\u00e7\u00e3o de pesquisa (Fator de Impacto, Eigenfactor, SNIP, fator h, SJR, etc.) e novos indicadores (Altmetrics, etc.) por Anna\u00efg Mah\u00e9.<\/p>\n<p><strong>Das 16h \u00e0s 18h.<\/strong>\u00a0Treinamento de alunos de doutorado em ED por Anna\u00efg Mah\u00e9 Parte 1\/5<\/p>\n<hr \/>\n<p><strong>Quarta-feira, 24 de outubro<\/strong><\/p>\n<p><strong>Das 16h \u00e0s 18h.<\/strong>\u00a0Treinamento de alunos de doutorado em ED por Anna\u00efg Mah\u00e9 Parte 2\/5<\/p>\n<hr \/>\n<p><strong>Quinta-feira, 25 de outubro<\/strong><\/p>\n<p><strong>Das 8h \u00e0s 10h.<\/strong>\u00a0Treinamento de alunos de doutorado em ED por Anna\u00efg Mah\u00e9 Parte 3\/5<\/p>\n<p><strong>Das 11h \u00e0s 13h.<\/strong>\u00a0Treinamento de pesquisadores do Laborat\u00f3rio MINEA no uso de ferramentas tradicionais de avalia\u00e7\u00e3o de pesquisa (Impact Factor, Eigenfactor, SNIP, h-factor, SJR, etc.) e novos indicadores (Altmetrics, etc.) por Anna\u00efg Mah\u00e9.<\/p>\n<p><strong>Das 15:00 \u00e0s 17:00 horas.<\/strong>\u00a0Treinamento de alunos de doutorado em ED por Anna\u00efg Mah\u00e9 Parte 4\/5<\/p>\n<hr \/>\n<p><strong>Sexta-feira, 26 de outubro<\/strong><\/p>\n<p><strong>Das 8h \u00e0s 10h.<\/strong>\u00a0Treinamento de alunos de doutorado em ED por Anna\u00efg Mah\u00e9 Parte 5\/5<\/p>\n<p><strong>Das 13:00 \u00e0s 15:00 horas.<\/strong>\u00a0Treinamento de pesquisadores do Espace Dev no uso de ferramentas tradicionais de avalia\u00e7\u00e3o de pesquisa (Impact Factor, Eigenfactor, SNIP, h-factor, SJR, etc.) e novos indicadores (Altmetrics, etc.) por Anna\u00efg Mah\u00e9.<\/p>\n<\/div>\n<\/div>\n<\/div>\n\n\n\n\n\t\t\t<\/div> \n\t\t<\/div>\n\t<\/div> \n<\/div><\/div>","protected":false},"excerpt":{"rendered":"A Universidade da Guiana, por meio de seu Servi\u00e7o de Documenta\u00e7\u00e3o Comum, com o apoio financeiro da...","protected":false},"author":1,"featured_media":9471,"comment_status":"closed","ping_status":"open","sticky":false,"template":"","format":"standard","meta":{"iawp_total_views":34,"footnotes":""},"categories":[232,155,229],"tags":[],"class_list":{"0":"post-9470","1":"post","2":"type-post","3":"status-publish","4":"format-standard","5":"has-post-thumbnail","7":"category-bibliotheque","8":"category-recherche","9":"category-universite-actualites"},"yoast_head":"<!-- This site is optimized with the Yoast SEO plugin v27.5 - https:\/\/yoast.com\/product\/yoast-seo-wordpress\/ -->\n<title>L\u2019Universit\u00e9 de Guyane participe \u00e0 la 2e \u00e9dition de l\u2019Open Access Week &#8212; Universit\u00e9 de Guyane<\/title>\n<meta name=\"description\" content=\"D\u00e9couvrez les outils de bibliom\u00e9trie et d&#039;\u00e9valuation de la recherche en Open Access lors de la semaine de l&#039;Acc\u00e8s ouvert.\" \/>\n<meta name=\"robots\" content=\"index, follow, max-snippet:-1, max-image-preview:large, max-video-preview:-1\" \/>\n<link rel=\"canonical\" href=\"https:\/\/www.univ-guyane.fr\/pt\/2018\/10\/17\/luniversite-de-guyane-participe-a-la-2e-edition-de-lopen-access-week\/\" \/>\n<meta property=\"og:locale\" content=\"pt_BR\" \/>\n<meta property=\"og:type\" content=\"article\" \/>\n<meta property=\"og:title\" content=\"L\u2019Universit\u00e9 de Guyane participe \u00e0 la 2e \u00e9dition de l\u2019Open Access Week &#8212; Universit\u00e9 de Guyane\" \/>\n<meta property=\"og:description\" content=\"D\u00e9couvrez les outils de bibliom\u00e9trie et d&#039;\u00e9valuation de la recherche en Open Access lors de la semaine de l&#039;Acc\u00e8s ouvert.\" \/>\n<meta property=\"og:url\" content=\"https:\/\/www.univ-guyane.fr\/pt\/2018\/10\/17\/luniversite-de-guyane-participe-a-la-2e-edition-de-lopen-access-week\/\" \/>\n<meta property=\"og:site_name\" content=\"Universit\u00e9 de Guyane\" \/>\n<meta property=\"article:publisher\" content=\"https:\/\/www.facebook.com\/univguyane\" \/>\n<meta property=\"article:published_time\" content=\"2018-10-17T19:03:31+00:00\" \/>\n<meta property=\"article:modified_time\" content=\"2024-06-27T19:11:21+00:00\" \/>\n<meta property=\"og:image\" content=\"https:\/\/www.univ-guyane.fr\/wp-content\/uploads\/open-access-week-2018-universite-de-guyane.jpeg\" \/>\n\t<meta property=\"og:image:width\" content=\"1024\" \/>\n\t<meta property=\"og:image:height\" content=\"576\" \/>\n\t<meta property=\"og:image:type\" content=\"image\/jpeg\" \/>\n<meta name=\"author\" content=\"Erick Loiti\u00e8re\" \/>\n<meta name=\"twitter:card\" content=\"summary_large_image\" \/>\n<meta name=\"twitter:creator\" content=\"@univguyane\" \/>\n<meta name=\"twitter:site\" content=\"@univguyane\" \/>\n<meta name=\"twitter:label1\" content=\"Escrito por\" \/>\n\t<meta name=\"twitter:data1\" content=\"Erick Loiti\u00e8re\" \/>\n\t<meta name=\"twitter:label2\" content=\"Est. tempo de leitura\" \/>\n\t<meta name=\"twitter:data2\" content=\"4 minutos\" \/>\n<script type=\"application\/ld+json\" class=\"yoast-schema-graph\">{\"@context\":\"https:\\\/\\\/schema.org\",\"@graph\":[{\"@type\":\"Article\",\"@id\":\"https:\\\/\\\/www.univ-guyane.fr\\\/2018\\\/10\\\/17\\\/luniversite-de-guyane-participe-a-la-2e-edition-de-lopen-access-week\\\/#article\",\"isPartOf\":{\"@id\":\"https:\\\/\\\/www.univ-guyane.fr\\\/2018\\\/10\\\/17\\\/luniversite-de-guyane-participe-a-la-2e-edition-de-lopen-access-week\\\/\"},\"author\":{\"name\":\"Erick Loiti\u00e8re\",\"@id\":\"https:\\\/\\\/www.univ-guyane.fr\\\/#\\\/schema\\\/person\\\/86d946a28a8be51bb096ccfdf19db179\"},\"headline\":\"L\u2019Universit\u00e9 de Guyane participe \u00e0 la 2e \u00e9dition de l\u2019Open Access Week\",\"datePublished\":\"2018-10-17T19:03:31+00:00\",\"dateModified\":\"2024-06-27T19:11:21+00:00\",\"mainEntityOfPage\":{\"@id\":\"https:\\\/\\\/www.univ-guyane.fr\\\/2018\\\/10\\\/17\\\/luniversite-de-guyane-participe-a-la-2e-edition-de-lopen-access-week\\\/\"},\"wordCount\":830,\"publisher\":{\"@id\":\"https:\\\/\\\/www.univ-guyane.fr\\\/#organization\"},\"image\":{\"@id\":\"https:\\\/\\\/www.univ-guyane.fr\\\/2018\\\/10\\\/17\\\/luniversite-de-guyane-participe-a-la-2e-edition-de-lopen-access-week\\\/#primaryimage\"},\"thumbnailUrl\":\"https:\\\/\\\/www.univ-guyane.fr\\\/wp-content\\\/uploads\\\/open-access-week-2018-universite-de-guyane.jpeg\",\"articleSection\":[\"\u2022 Biblioth\u00e8que\",\"\u2022\u00a0Recherche\",\"\u2022 Universit\u00e9\"],\"inLanguage\":\"pt-BR\"},{\"@type\":\"WebPage\",\"@id\":\"https:\\\/\\\/www.univ-guyane.fr\\\/2018\\\/10\\\/17\\\/luniversite-de-guyane-participe-a-la-2e-edition-de-lopen-access-week\\\/\",\"url\":\"https:\\\/\\\/www.univ-guyane.fr\\\/2018\\\/10\\\/17\\\/luniversite-de-guyane-participe-a-la-2e-edition-de-lopen-access-week\\\/\",\"name\":\"L\u2019Universit\u00e9 de Guyane participe \u00e0 la 2e \u00e9dition de l\u2019Open Access Week &#8212; Universit\u00e9 de Guyane\",\"isPartOf\":{\"@id\":\"https:\\\/\\\/www.univ-guyane.fr\\\/#website\"},\"primaryImageOfPage\":{\"@id\":\"https:\\\/\\\/www.univ-guyane.fr\\\/2018\\\/10\\\/17\\\/luniversite-de-guyane-participe-a-la-2e-edition-de-lopen-access-week\\\/#primaryimage\"},\"image\":{\"@id\":\"https:\\\/\\\/www.univ-guyane.fr\\\/2018\\\/10\\\/17\\\/luniversite-de-guyane-participe-a-la-2e-edition-de-lopen-access-week\\\/#primaryimage\"},\"thumbnailUrl\":\"https:\\\/\\\/www.univ-guyane.fr\\\/wp-content\\\/uploads\\\/open-access-week-2018-universite-de-guyane.jpeg\",\"datePublished\":\"2018-10-17T19:03:31+00:00\",\"dateModified\":\"2024-06-27T19:11:21+00:00\",\"description\":\"D\u00e9couvrez les outils de bibliom\u00e9trie et d'\u00e9valuation de la recherche en Open Access lors de la semaine de l'Acc\u00e8s ouvert.\",\"breadcrumb\":{\"@id\":\"https:\\\/\\\/www.univ-guyane.fr\\\/2018\\\/10\\\/17\\\/luniversite-de-guyane-participe-a-la-2e-edition-de-lopen-access-week\\\/#breadcrumb\"},\"inLanguage\":\"pt-BR\",\"potentialAction\":[{\"@type\":\"ReadAction\",\"target\":[\"https:\\\/\\\/www.univ-guyane.fr\\\/2018\\\/10\\\/17\\\/luniversite-de-guyane-participe-a-la-2e-edition-de-lopen-access-week\\\/\"]}]},{\"@type\":\"ImageObject\",\"inLanguage\":\"pt-BR\",\"@id\":\"https:\\\/\\\/www.univ-guyane.fr\\\/2018\\\/10\\\/17\\\/luniversite-de-guyane-participe-a-la-2e-edition-de-lopen-access-week\\\/#primaryimage\",\"url\":\"https:\\\/\\\/www.univ-guyane.fr\\\/wp-content\\\/uploads\\\/open-access-week-2018-universite-de-guyane.jpeg\",\"contentUrl\":\"https:\\\/\\\/www.univ-guyane.fr\\\/wp-content\\\/uploads\\\/open-access-week-2018-universite-de-guyane.jpeg\",\"width\":1024,\"height\":576,\"caption\":\"L\u2019Universit\u00e9 de Guyane participe \u00e0 la 2e \u00e9dition de l\u2019Open Access Week\"},{\"@type\":\"BreadcrumbList\",\"@id\":\"https:\\\/\\\/www.univ-guyane.fr\\\/2018\\\/10\\\/17\\\/luniversite-de-guyane-participe-a-la-2e-edition-de-lopen-access-week\\\/#breadcrumb\",\"itemListElement\":[{\"@type\":\"ListItem\",\"position\":1,\"name\":\"Accueil\",\"item\":\"https:\\\/\\\/www.univ-guyane.fr\\\/\"},{\"@type\":\"ListItem\",\"position\":2,\"name\":\"L\u2019Universit\u00e9 de Guyane participe \u00e0 la 2e \u00e9dition de l\u2019Open Access Week\"}]},{\"@type\":\"WebSite\",\"@id\":\"https:\\\/\\\/www.univ-guyane.fr\\\/#website\",\"url\":\"https:\\\/\\\/www.univ-guyane.fr\\\/\",\"name\":\"Universit\u00e9 de Guyane\",\"description\":\"Au c\u0153ur de l&#039;amazonie\",\"publisher\":{\"@id\":\"https:\\\/\\\/www.univ-guyane.fr\\\/#organization\"},\"alternateName\":\"UG\",\"potentialAction\":[{\"@type\":\"SearchAction\",\"target\":{\"@type\":\"EntryPoint\",\"urlTemplate\":\"https:\\\/\\\/www.univ-guyane.fr\\\/?s={search_term_string}\"},\"query-input\":{\"@type\":\"PropertyValueSpecification\",\"valueRequired\":true,\"valueName\":\"search_term_string\"}}],\"inLanguage\":\"pt-BR\"},{\"@type\":\"Organization\",\"@id\":\"https:\\\/\\\/www.univ-guyane.fr\\\/#organization\",\"name\":\"Universit\u00e9 de Guyane\",\"alternateName\":\"UG\",\"url\":\"https:\\\/\\\/www.univ-guyane.fr\\\/\",\"logo\":{\"@type\":\"ImageObject\",\"inLanguage\":\"pt-BR\",\"@id\":\"https:\\\/\\\/www.univ-guyane.fr\\\/#\\\/schema\\\/logo\\\/image\\\/\",\"url\":\"https:\\\/\\\/www.univ-guyane.fr\\\/wp-content\\\/uploads\\\/2024\\\/05\\\/f.png\",\"contentUrl\":\"https:\\\/\\\/www.univ-guyane.fr\\\/wp-content\\\/uploads\\\/2024\\\/05\\\/f.png\",\"width\":1024,\"height\":1024,\"caption\":\"Universit\u00e9 de Guyane\"},\"image\":{\"@id\":\"https:\\\/\\\/www.univ-guyane.fr\\\/#\\\/schema\\\/logo\\\/image\\\/\"},\"sameAs\":[\"https:\\\/\\\/www.facebook.com\\\/univguyane\",\"https:\\\/\\\/x.com\\\/univguyane\",\"https:\\\/\\\/gf.linkedin.com\\\/school\\\/universite-de-guyane\\\/\",\"https:\\\/\\\/www.instagram.com\\\/univ_guyane\\\/\"]},{\"@type\":\"Person\",\"@id\":\"https:\\\/\\\/www.univ-guyane.fr\\\/#\\\/schema\\\/person\\\/86d946a28a8be51bb096ccfdf19db179\",\"name\":\"Erick Loiti\u00e8re\",\"image\":{\"@type\":\"ImageObject\",\"inLanguage\":\"pt-BR\",\"@id\":\"https:\\\/\\\/secure.gravatar.com\\\/avatar\\\/0584f332103fbeaf37e52c73b15dca3c547fd9300deb05764e9ad8714839d072?s=96&d=robohash&r=g\",\"url\":\"https:\\\/\\\/secure.gravatar.com\\\/avatar\\\/0584f332103fbeaf37e52c73b15dca3c547fd9300deb05764e9ad8714839d072?s=96&d=robohash&r=g\",\"contentUrl\":\"https:\\\/\\\/secure.gravatar.com\\\/avatar\\\/0584f332103fbeaf37e52c73b15dca3c547fd9300deb05764e9ad8714839d072?s=96&d=robohash&r=g\",\"caption\":\"Erick Loiti\u00e8re\"},\"sameAs\":[\"http:\\\/\\\/www.univ-guyane.fr\"],\"url\":\"https:\\\/\\\/www.univ-guyane.fr\\\/pt\\\/author\\\/eloitierdbz\\\/\"}]}<\/script>\n<!-- \/ Yoast SEO plugin. -->","yoast_head_json":{"title":"L\u2019Universit\u00e9 de Guyane participe \u00e0 la 2e \u00e9dition de l\u2019Open Access Week &#8212; Universit\u00e9 de Guyane","description":"D\u00e9couvrez les outils de bibliom\u00e9trie et d'\u00e9valuation de la recherche en Open Access lors de la semaine de l'Acc\u00e8s ouvert.","robots":{"index":"index","follow":"follow","max-snippet":"max-snippet:-1","max-image-preview":"max-image-preview:large","max-video-preview":"max-video-preview:-1"},"canonical":"https:\/\/www.univ-guyane.fr\/pt\/2018\/10\/17\/luniversite-de-guyane-participe-a-la-2e-edition-de-lopen-access-week\/","og_locale":"pt_BR","og_type":"article","og_title":"L\u2019Universit\u00e9 de Guyane participe \u00e0 la 2e \u00e9dition de l\u2019Open Access Week &#8212; Universit\u00e9 de Guyane","og_description":"D\u00e9couvrez les outils de bibliom\u00e9trie et d'\u00e9valuation de la recherche en Open Access lors de la semaine de l'Acc\u00e8s ouvert.","og_url":"https:\/\/www.univ-guyane.fr\/pt\/2018\/10\/17\/luniversite-de-guyane-participe-a-la-2e-edition-de-lopen-access-week\/","og_site_name":"Universit\u00e9 de Guyane","article_publisher":"https:\/\/www.facebook.com\/univguyane","article_published_time":"2018-10-17T19:03:31+00:00","article_modified_time":"2024-06-27T19:11:21+00:00","og_image":[{"width":1024,"height":576,"url":"https:\/\/www.univ-guyane.fr\/wp-content\/uploads\/open-access-week-2018-universite-de-guyane.jpeg","type":"image\/jpeg"}],"author":"Erick Loiti\u00e8re","twitter_card":"summary_large_image","twitter_creator":"@univguyane","twitter_site":"@univguyane","twitter_misc":{"Escrito por":"Erick Loiti\u00e8re","Est. tempo de leitura":"4 minutos"},"schema":{"@context":"https:\/\/schema.org","@graph":[{"@type":"Article","@id":"https:\/\/www.univ-guyane.fr\/2018\/10\/17\/luniversite-de-guyane-participe-a-la-2e-edition-de-lopen-access-week\/#article","isPartOf":{"@id":"https:\/\/www.univ-guyane.fr\/2018\/10\/17\/luniversite-de-guyane-participe-a-la-2e-edition-de-lopen-access-week\/"},"author":{"name":"Erick Loiti\u00e8re","@id":"https:\/\/www.univ-guyane.fr\/#\/schema\/person\/86d946a28a8be51bb096ccfdf19db179"},"headline":"L\u2019Universit\u00e9 de Guyane participe \u00e0 la 2e \u00e9dition de l\u2019Open Access Week","datePublished":"2018-10-17T19:03:31+00:00","dateModified":"2024-06-27T19:11:21+00:00","mainEntityOfPage":{"@id":"https:\/\/www.univ-guyane.fr\/2018\/10\/17\/luniversite-de-guyane-participe-a-la-2e-edition-de-lopen-access-week\/"},"wordCount":830,"publisher":{"@id":"https:\/\/www.univ-guyane.fr\/#organization"},"image":{"@id":"https:\/\/www.univ-guyane.fr\/2018\/10\/17\/luniversite-de-guyane-participe-a-la-2e-edition-de-lopen-access-week\/#primaryimage"},"thumbnailUrl":"https:\/\/www.univ-guyane.fr\/wp-content\/uploads\/open-access-week-2018-universite-de-guyane.jpeg","articleSection":["\u2022 Biblioth\u00e8que","\u2022\u00a0Recherche","\u2022 Universit\u00e9"],"inLanguage":"pt-BR"},{"@type":"WebPage","@id":"https:\/\/www.univ-guyane.fr\/2018\/10\/17\/luniversite-de-guyane-participe-a-la-2e-edition-de-lopen-access-week\/","url":"https:\/\/www.univ-guyane.fr\/2018\/10\/17\/luniversite-de-guyane-participe-a-la-2e-edition-de-lopen-access-week\/","name":"L\u2019Universit\u00e9 de Guyane participe \u00e0 la 2e \u00e9dition de l\u2019Open Access Week &#8212; Universit\u00e9 de Guyane","isPartOf":{"@id":"https:\/\/www.univ-guyane.fr\/#website"},"primaryImageOfPage":{"@id":"https:\/\/www.univ-guyane.fr\/2018\/10\/17\/luniversite-de-guyane-participe-a-la-2e-edition-de-lopen-access-week\/#primaryimage"},"image":{"@id":"https:\/\/www.univ-guyane.fr\/2018\/10\/17\/luniversite-de-guyane-participe-a-la-2e-edition-de-lopen-access-week\/#primaryimage"},"thumbnailUrl":"https:\/\/www.univ-guyane.fr\/wp-content\/uploads\/open-access-week-2018-universite-de-guyane.jpeg","datePublished":"2018-10-17T19:03:31+00:00","dateModified":"2024-06-27T19:11:21+00:00","description":"D\u00e9couvrez les outils de bibliom\u00e9trie et d'\u00e9valuation de la recherche en Open Access lors de la semaine de l'Acc\u00e8s ouvert.","breadcrumb":{"@id":"https:\/\/www.univ-guyane.fr\/2018\/10\/17\/luniversite-de-guyane-participe-a-la-2e-edition-de-lopen-access-week\/#breadcrumb"},"inLanguage":"pt-BR","potentialAction":[{"@type":"ReadAction","target":["https:\/\/www.univ-guyane.fr\/2018\/10\/17\/luniversite-de-guyane-participe-a-la-2e-edition-de-lopen-access-week\/"]}]},{"@type":"ImageObject","inLanguage":"pt-BR","@id":"https:\/\/www.univ-guyane.fr\/2018\/10\/17\/luniversite-de-guyane-participe-a-la-2e-edition-de-lopen-access-week\/#primaryimage","url":"https:\/\/www.univ-guyane.fr\/wp-content\/uploads\/open-access-week-2018-universite-de-guyane.jpeg","contentUrl":"https:\/\/www.univ-guyane.fr\/wp-content\/uploads\/open-access-week-2018-universite-de-guyane.jpeg","width":1024,"height":576,"caption":"L\u2019Universit\u00e9 de Guyane participe \u00e0 la 2e \u00e9dition de l\u2019Open Access Week"},{"@type":"BreadcrumbList","@id":"https:\/\/www.univ-guyane.fr\/2018\/10\/17\/luniversite-de-guyane-participe-a-la-2e-edition-de-lopen-access-week\/#breadcrumb","itemListElement":[{"@type":"ListItem","position":1,"name":"Accueil","item":"https:\/\/www.univ-guyane.fr\/"},{"@type":"ListItem","position":2,"name":"L\u2019Universit\u00e9 de Guyane participe \u00e0 la 2e \u00e9dition de l\u2019Open Access Week"}]},{"@type":"WebSite","@id":"https:\/\/www.univ-guyane.fr\/#website","url":"https:\/\/www.univ-guyane.fr\/","name":"Universidade da Guiana","description":"No cora\u00e7\u00e3o da Amaz\u00f4nia","publisher":{"@id":"https:\/\/www.univ-guyane.fr\/#organization"},"alternateName":"UG","potentialAction":[{"@type":"SearchAction","target":{"@type":"EntryPoint","urlTemplate":"https:\/\/www.univ-guyane.fr\/?s={search_term_string}"},"query-input":{"@type":"PropertyValueSpecification","valueRequired":true,"valueName":"search_term_string"}}],"inLanguage":"pt-BR"},{"@type":"Organization","@id":"https:\/\/www.univ-guyane.fr\/#organization","name":"Universidade da Guiana","alternateName":"UG","url":"https:\/\/www.univ-guyane.fr\/","logo":{"@type":"ImageObject","inLanguage":"pt-BR","@id":"https:\/\/www.univ-guyane.fr\/#\/schema\/logo\/image\/","url":"https:\/\/www.univ-guyane.fr\/wp-content\/uploads\/2024\/05\/f.png","contentUrl":"https:\/\/www.univ-guyane.fr\/wp-content\/uploads\/2024\/05\/f.png","width":1024,"height":1024,"caption":"Universit\u00e9 de Guyane"},"image":{"@id":"https:\/\/www.univ-guyane.fr\/#\/schema\/logo\/image\/"},"sameAs":["https:\/\/www.facebook.com\/univguyane","https:\/\/x.com\/univguyane","https:\/\/gf.linkedin.com\/school\/universite-de-guyane\/","https:\/\/www.instagram.com\/univ_guyane\/"]},{"@type":"Person","@id":"https:\/\/www.univ-guyane.fr\/#\/schema\/person\/86d946a28a8be51bb096ccfdf19db179","name":"Erick Loiti\u00e8re","image":{"@type":"ImageObject","inLanguage":"pt-BR","@id":"https:\/\/secure.gravatar.com\/avatar\/0584f332103fbeaf37e52c73b15dca3c547fd9300deb05764e9ad8714839d072?s=96&d=robohash&r=g","url":"https:\/\/secure.gravatar.com\/avatar\/0584f332103fbeaf37e52c73b15dca3c547fd9300deb05764e9ad8714839d072?s=96&d=robohash&r=g","contentUrl":"https:\/\/secure.gravatar.com\/avatar\/0584f332103fbeaf37e52c73b15dca3c547fd9300deb05764e9ad8714839d072?s=96&d=robohash&r=g","caption":"Erick Loiti\u00e8re"},"sameAs":["http:\/\/www.univ-guyane.fr"],"url":"https:\/\/www.univ-guyane.fr\/pt\/author\/eloitierdbz\/"}]}},"_links":{"self":[{"href":"https:\/\/www.univ-guyane.fr\/pt\/wp-json\/wp\/v2\/posts\/9470","targetHints":{"allow":["GET"]}}],"collection":[{"href":"https:\/\/www.univ-guyane.fr\/pt\/wp-json\/wp\/v2\/posts"}],"about":[{"href":"https:\/\/www.univ-guyane.fr\/pt\/wp-json\/wp\/v2\/types\/post"}],"author":[{"embeddable":true,"href":"https:\/\/www.univ-guyane.fr\/pt\/wp-json\/wp\/v2\/users\/1"}],"replies":[{"embeddable":true,"href":"https:\/\/www.univ-guyane.fr\/pt\/wp-json\/wp\/v2\/comments?post=9470"}],"version-history":[{"count":3,"href":"https:\/\/www.univ-guyane.fr\/pt\/wp-json\/wp\/v2\/posts\/9470\/revisions"}],"predecessor-version":[{"id":9474,"href":"https:\/\/www.univ-guyane.fr\/pt\/wp-json\/wp\/v2\/posts\/9470\/revisions\/9474"}],"wp:featuredmedia":[{"embeddable":true,"href":"https:\/\/www.univ-guyane.fr\/pt\/wp-json\/wp\/v2\/media\/9471"}],"wp:attachment":[{"href":"https:\/\/www.univ-guyane.fr\/pt\/wp-json\/wp\/v2\/media?parent=9470"}],"wp:term":[{"taxonomy":"category","embeddable":true,"href":"https:\/\/www.univ-guyane.fr\/pt\/wp-json\/wp\/v2\/categories?post=9470"},{"taxonomy":"post_tag","embeddable":true,"href":"https:\/\/www.univ-guyane.fr\/pt\/wp-json\/wp\/v2\/tags?post=9470"}],"curies":[{"name":"wp","href":"https:\/\/api.w.org\/{rel}","templated":true}]}}