{"id":9493,"date":"2017-11-08T08:46:37","date_gmt":"2017-11-08T11:46:37","guid":{"rendered":"https:\/\/www.univ-guyane.fr\/?p=9493"},"modified":"2024-06-28T08:50:12","modified_gmt":"2024-06-28T11:50:12","slug":"concours-artistique-sur-le-theme-nuit-blanche","status":"publish","type":"post","link":"https:\/\/www.univ-guyane.fr\/pt\/2017\/11\/08\/concours-artistique-sur-le-theme-nuit-blanche\/","title":{"rendered":"Concurso de arte sobre o tema das noites sem dormir"},"content":{"rendered":"<div id=\"fws_69f39cb3ce72c\"  data-column-margin=\"default\" data-midnight=\"dark\"  class=\"wpb_row vc_row-fluid vc_row\"  style=\"padding-top: 0px; padding-bottom: 0px; \"><div class=\"row-bg-wrap\" data-bg-animation=\"none\" data-bg-animation-delay=\"\" data-bg-overlay=\"false\"><div class=\"inner-wrap row-bg-layer\" ><div class=\"row-bg viewport-desktop\"  style=\"\"><\/div><\/div><\/div><div class=\"row_col_wrap_12 col span_12 dark left\">\n\t<div  class=\"vc_col-sm-12 wpb_column column_container vc_column_container col no-extra-padding inherit_tablet inherit_phone\"  data-padding-pos=\"all\" data-has-bg-color=\"false\" data-bg-color=\"\" data-bg-opacity=\"1\" data-animation=\"\" data-delay=\"0\" >\n\t\t<div class=\"vc_column-inner\" >\n\t\t\t<div class=\"wpb_wrapper\">\n\t\t\t\t\n<div class=\"wpb_text_column wpb_content_element  chapo\" >\n\t<h2>Os Crous apoiam pr\u00e1ticas art\u00edsticas amadoras e organizam concursos anuais de arte em torno de um tema comum. Para 2017-2018, o tema \u00e9 \"NUIT BLANCHE\". Todos os concursos est\u00e3o abertos a estudantes matriculados em um estabelecimento de ensino superior franc\u00eas. Uma fotoc\u00f3pia do cart\u00e3o de estudante do ano corrente deve ser anexada ao formul\u00e1rio de inscri\u00e7\u00e3o.<\/h2>\n<\/div>\n\n\n\n\n<div class=\"wpb_text_column wpb_content_element\" >\n\t<div class=\"wpb_text_column wpb_content_element\">\n<div class=\"wpb_wrapper\">\n<div id=\"lipsum\">\n<h3>Termos e condi\u00e7\u00f5es da concorr\u00eancia<\/h3>\n<p>Os alunos podem optar por criar um trabalho sobre o tema comum ou um trabalho sobre as artes c\u00eanicas sem um tema.<\/p>\n<h4><strong>Concurso com um tema comum (\"Nuit Blanche\" para o ano acad\u00eamico de 2017-2018):<\/strong><\/h4>\n<p><strong>Novo<\/strong>\u00a0- Prazo para inscri\u00e7\u00f5es: 16 de maio de 2018. Escreva uma hist\u00f3ria de no m\u00e1ximo 2.500 palavras com poucos personagens e um ponto alto em torno do qual a narrativa \u00e9 constru\u00edda sobre o tema \"Nuit blanche\".<\/p>\n<p><strong>Tiras em quadrinhos<\/strong>\u00a0- Prazo para inscri\u00e7\u00f5es: 16 de maio de 2018. Produza uma hist\u00f3ria em quadrinhos de 1 a 7 pain\u00e9is, no m\u00e1ximo, no formato 21\u00d729,7 cm, com ou sem texto, no formato retrato ou paisagem, com uso de apenas um lado sobre o tema \"Nuit blanche\".<\/p>\n<p><strong>Foto<\/strong>\u00a0- Prazo para inscri\u00e7\u00f5es: 16 de maio de 2018. Tire uma foto colorida ou em preto e branco de 21\u00d730 cm, digital ou em filme, sobre o tema \"Nuit blanche\" (noite sem dormir).<\/p>\n<p><strong>Curta-metragem<\/strong>\u00a0- Prazo de inscri\u00e7\u00e3o: 16 de maio de 2018. Fa\u00e7a um filme de no m\u00e1ximo 5 minutos (incluindo cr\u00e9ditos) com cr\u00e9ditos em franc\u00eas ou legendado ou sem di\u00e1logo em DV OU DVD sobre o tema \"Nuit blanche\".<\/p>\n<h4><strong>Competi\u00e7\u00f5es de artes c\u00eanicas sem tema:<\/strong><\/h4>\n<p><strong>M\u00fasica (trampolim \"Musiques de RU\")\u00a0<\/strong>- Prazo de inscri\u00e7\u00e3o: 15 de janeiro de 2018. O concurso est\u00e1 aberto a todos os g\u00eaneros musicais. A apresenta\u00e7\u00e3o pode ser em um grupo (composto por pelo menos metade dos alunos) ou solo. Cada grupo ou candidato deve enviar uma demonstra\u00e7\u00e3o de 3 a 6 faixas (somente em CD).<\/p>\n<p><strong>Dan\u00e7a (concurso \"Danse avec ton Crous\")<\/strong>\u00a0- Prazo de inscri\u00e7\u00e3o: 16 de mar\u00e7o de 2018. A competi\u00e7\u00e3o est\u00e1 aberta a todos os tipos de dan\u00e7a. Qualquer estudante matriculado em uma institui\u00e7\u00e3o de ensino superior pode concorrer. A apresenta\u00e7\u00e3o pode ser solo ou em grupo (m\u00e1ximo de 5 dan\u00e7arinos, a maioria dos quais deve ser estudante - pelo menos 3 para um grupo de 5). O(s) participante(s) deve(m) enviar uma apresenta\u00e7\u00e3o com dura\u00e7\u00e3o m\u00e1xima de 7 minutos em DVD, filmada em uma tomada panor\u00e2mica.<\/p>\n<p><strong>Teatro<\/strong>\u00a0- prazo de inscri\u00e7\u00e3o: 6 de abril de 2018. O concurso est\u00e1 aberto a todos os tipos de formas teatrais com dura\u00e7\u00e3o de 45 minutos (m\u00ednimo) a 1,5 hora (m\u00e1ximo). A apresenta\u00e7\u00e3o pode ser feita por um solista ou por uma companhia de no m\u00e1ximo oito participantes (incluindo atores, t\u00e9cnicos e diretores). Qualquer estudante ou companhia com uma maioria de estudantes (pelo menos quatro) matriculados em um estabelecimento de ensino superior pode participar.<\/p>\n<p>Inicialmente, um j\u00fari regional seleciona os melhores trabalhos (sujeito a um n\u00famero suficiente de inscri\u00e7\u00f5es). Essa pr\u00e9-sele\u00e7\u00e3o \u00e9 usada para organizar um j\u00fari nacional para cada concurso, que seleciona os melhores trabalhos do ano. \u00c9 poss\u00edvel participar de todas as competi\u00e7\u00f5es oferecidas. Cada concurso \u00e9 acompanhado por v\u00e1rios pr\u00eamios regionais e nacionais.<\/p>\n<h4><strong>Os pr\u00eamios nacionais s\u00e3o :<\/strong><\/h4>\n<p>1\u00ba pr\u00eamio nacional: \u20ac 2.000<br \/>\n2\u00ba pr\u00eamio: 1.000 euros<br \/>\n3\u00ba pr\u00eamio: 500 euros<\/p>\n<\/div>\n<\/div>\n<\/div>\n<div class=\"wpb_text_column wpb_content_element vc_custom_1654698867658\">\n<div class=\"wpb_wrapper\">\n<h4><strong>Como fa\u00e7o para me inscrever?<\/strong><\/h4>\n<p>O formul\u00e1rio de inscri\u00e7\u00e3o e a lista de documentos necess\u00e1rios podem ser obtidos no CLOUS de Guyane, no andar t\u00e9rreo do pr\u00e9dio Student Life. T : 0594.25.81.24<\/p>\n<h4><strong>Para onde voc\u00ea pode enviar seu trabalho?<\/strong><\/h4>\n<p>CROUS DES ANTILLES ET DE LA GUYANE<br \/>\nDivis\u00e3o de Vida Estudantil<br \/>\nBP 444 - 97 164 POINTE A PITRE CEDEX<br \/>\n<a href=\"https:\/\/web.archive.org\/web\/20230718023202\/mailto:tessa.panga@crous-antillesguyane.fr\">tessa.panga@crous-antillesguyane.fr<\/a>\u00a0|\u00a0<a href=\"https:\/\/web.archive.org\/web\/20230718023202\/mailto:ajason@crous-antillesguyane.fr\">ajason@crous-antillesguyane.fr<\/a><\/p>\n<\/div>\n<\/div>\n<\/div>\n\n\n\n\n\t\t\t<\/div> \n\t\t<\/div>\n\t<\/div> \n<\/div><\/div>","protected":false},"excerpt":{"rendered":"Os Crous apoiam atividades amadoras e organizam competi\u00e7\u00f5es art\u00edsticas anuais com base em um tema espec\u00edfico....","protected":false},"author":1,"featured_media":9494,"comment_status":"closed","ping_status":"open","sticky":false,"template":"","format":"standard","meta":{"iawp_total_views":9,"footnotes":""},"categories":[156,237],"tags":[],"class_list":{"0":"post-9493","1":"post","2":"type-post","3":"status-publish","4":"format-standard","5":"has-post-thumbnail","7":"category-campus","8":"category-crous"},"yoast_head":"<!-- This site is optimized with the Yoast SEO plugin v27.5 - https:\/\/yoast.com\/product\/yoast-seo-wordpress\/ -->\n<title>Concours artistique sur le th\u00e8me nuit blanche &#8212; Universit\u00e9 de Guyane<\/title>\n<meta name=\"robots\" content=\"index, follow, max-snippet:-1, max-image-preview:large, max-video-preview:-1\" \/>\n<link rel=\"canonical\" href=\"https:\/\/www.univ-guyane.fr\/pt\/2017\/11\/08\/concours-artistique-sur-le-theme-nuit-blanche\/\" \/>\n<meta property=\"og:locale\" content=\"pt_BR\" \/>\n<meta property=\"og:type\" content=\"article\" \/>\n<meta property=\"og:title\" content=\"Concours artistique sur le th\u00e8me nuit blanche &#8212; Universit\u00e9 de Guyane\" \/>\n<meta property=\"og:url\" content=\"https:\/\/www.univ-guyane.fr\/pt\/2017\/11\/08\/concours-artistique-sur-le-theme-nuit-blanche\/\" \/>\n<meta property=\"og:site_name\" content=\"Universit\u00e9 de Guyane\" \/>\n<meta property=\"article:publisher\" content=\"https:\/\/www.facebook.com\/univguyane\" \/>\n<meta property=\"article:published_time\" content=\"2017-11-08T11:46:37+00:00\" \/>\n<meta property=\"article:modified_time\" content=\"2024-06-28T11:50:12+00:00\" \/>\n<meta property=\"og:image\" content=\"https:\/\/www.univ-guyane.fr\/wp-content\/uploads\/concours-nuit-blanche-crous-2017-universite-de-guyane.jpeg\" \/>\n\t<meta property=\"og:image:width\" content=\"1200\" \/>\n\t<meta property=\"og:image:height\" content=\"750\" \/>\n\t<meta property=\"og:image:type\" content=\"image\/jpeg\" \/>\n<meta name=\"author\" content=\"Erick Loiti\u00e8re\" \/>\n<meta name=\"twitter:card\" content=\"summary_large_image\" \/>\n<meta name=\"twitter:creator\" content=\"@univguyane\" \/>\n<meta name=\"twitter:site\" content=\"@univguyane\" \/>\n<meta name=\"twitter:label1\" content=\"Escrito por\" \/>\n\t<meta name=\"twitter:data1\" content=\"Erick Loiti\u00e8re\" \/>\n\t<meta name=\"twitter:label2\" content=\"Est. tempo de leitura\" \/>\n\t<meta name=\"twitter:data2\" content=\"4 minutos\" \/>\n<script type=\"application\/ld+json\" class=\"yoast-schema-graph\">{\"@context\":\"https:\\\/\\\/schema.org\",\"@graph\":[{\"@type\":\"Article\",\"@id\":\"https:\\\/\\\/www.univ-guyane.fr\\\/2017\\\/11\\\/08\\\/concours-artistique-sur-le-theme-nuit-blanche\\\/#article\",\"isPartOf\":{\"@id\":\"https:\\\/\\\/www.univ-guyane.fr\\\/2017\\\/11\\\/08\\\/concours-artistique-sur-le-theme-nuit-blanche\\\/\"},\"author\":{\"name\":\"Erick Loiti\u00e8re\",\"@id\":\"https:\\\/\\\/www.univ-guyane.fr\\\/#\\\/schema\\\/person\\\/86d946a28a8be51bb096ccfdf19db179\"},\"headline\":\"Concours artistique sur le th\u00e8me nuit blanche\",\"datePublished\":\"2017-11-08T11:46:37+00:00\",\"dateModified\":\"2024-06-28T11:50:12+00:00\",\"mainEntityOfPage\":{\"@id\":\"https:\\\/\\\/www.univ-guyane.fr\\\/2017\\\/11\\\/08\\\/concours-artistique-sur-le-theme-nuit-blanche\\\/\"},\"wordCount\":804,\"publisher\":{\"@id\":\"https:\\\/\\\/www.univ-guyane.fr\\\/#organization\"},\"image\":{\"@id\":\"https:\\\/\\\/www.univ-guyane.fr\\\/2017\\\/11\\\/08\\\/concours-artistique-sur-le-theme-nuit-blanche\\\/#primaryimage\"},\"thumbnailUrl\":\"https:\\\/\\\/www.univ-guyane.fr\\\/wp-content\\\/uploads\\\/concours-nuit-blanche-crous-2017-universite-de-guyane.jpeg\",\"articleSection\":[\"\u2022\u00a0Campus\",\"\u2022 CROUS\"],\"inLanguage\":\"pt-BR\"},{\"@type\":\"WebPage\",\"@id\":\"https:\\\/\\\/www.univ-guyane.fr\\\/2017\\\/11\\\/08\\\/concours-artistique-sur-le-theme-nuit-blanche\\\/\",\"url\":\"https:\\\/\\\/www.univ-guyane.fr\\\/2017\\\/11\\\/08\\\/concours-artistique-sur-le-theme-nuit-blanche\\\/\",\"name\":\"Concours artistique sur le th\u00e8me nuit blanche &#8212; Universit\u00e9 de Guyane\",\"isPartOf\":{\"@id\":\"https:\\\/\\\/www.univ-guyane.fr\\\/#website\"},\"primaryImageOfPage\":{\"@id\":\"https:\\\/\\\/www.univ-guyane.fr\\\/2017\\\/11\\\/08\\\/concours-artistique-sur-le-theme-nuit-blanche\\\/#primaryimage\"},\"image\":{\"@id\":\"https:\\\/\\\/www.univ-guyane.fr\\\/2017\\\/11\\\/08\\\/concours-artistique-sur-le-theme-nuit-blanche\\\/#primaryimage\"},\"thumbnailUrl\":\"https:\\\/\\\/www.univ-guyane.fr\\\/wp-content\\\/uploads\\\/concours-nuit-blanche-crous-2017-universite-de-guyane.jpeg\",\"datePublished\":\"2017-11-08T11:46:37+00:00\",\"dateModified\":\"2024-06-28T11:50:12+00:00\",\"breadcrumb\":{\"@id\":\"https:\\\/\\\/www.univ-guyane.fr\\\/2017\\\/11\\\/08\\\/concours-artistique-sur-le-theme-nuit-blanche\\\/#breadcrumb\"},\"inLanguage\":\"pt-BR\",\"potentialAction\":[{\"@type\":\"ReadAction\",\"target\":[\"https:\\\/\\\/www.univ-guyane.fr\\\/2017\\\/11\\\/08\\\/concours-artistique-sur-le-theme-nuit-blanche\\\/\"]}]},{\"@type\":\"ImageObject\",\"inLanguage\":\"pt-BR\",\"@id\":\"https:\\\/\\\/www.univ-guyane.fr\\\/2017\\\/11\\\/08\\\/concours-artistique-sur-le-theme-nuit-blanche\\\/#primaryimage\",\"url\":\"https:\\\/\\\/www.univ-guyane.fr\\\/wp-content\\\/uploads\\\/concours-nuit-blanche-crous-2017-universite-de-guyane.jpeg\",\"contentUrl\":\"https:\\\/\\\/www.univ-guyane.fr\\\/wp-content\\\/uploads\\\/concours-nuit-blanche-crous-2017-universite-de-guyane.jpeg\",\"width\":1200,\"height\":750,\"caption\":\"Concours artistique sur le th\u00e8me nuit blanche\"},{\"@type\":\"BreadcrumbList\",\"@id\":\"https:\\\/\\\/www.univ-guyane.fr\\\/2017\\\/11\\\/08\\\/concours-artistique-sur-le-theme-nuit-blanche\\\/#breadcrumb\",\"itemListElement\":[{\"@type\":\"ListItem\",\"position\":1,\"name\":\"Accueil\",\"item\":\"https:\\\/\\\/www.univ-guyane.fr\\\/\"},{\"@type\":\"ListItem\",\"position\":2,\"name\":\"Concours artistique sur le th\u00e8me nuit blanche\"}]},{\"@type\":\"WebSite\",\"@id\":\"https:\\\/\\\/www.univ-guyane.fr\\\/#website\",\"url\":\"https:\\\/\\\/www.univ-guyane.fr\\\/\",\"name\":\"Universit\u00e9 de Guyane\",\"description\":\"Au c\u0153ur de l&#039;amazonie\",\"publisher\":{\"@id\":\"https:\\\/\\\/www.univ-guyane.fr\\\/#organization\"},\"alternateName\":\"UG\",\"potentialAction\":[{\"@type\":\"SearchAction\",\"target\":{\"@type\":\"EntryPoint\",\"urlTemplate\":\"https:\\\/\\\/www.univ-guyane.fr\\\/?s={search_term_string}\"},\"query-input\":{\"@type\":\"PropertyValueSpecification\",\"valueRequired\":true,\"valueName\":\"search_term_string\"}}],\"inLanguage\":\"pt-BR\"},{\"@type\":\"Organization\",\"@id\":\"https:\\\/\\\/www.univ-guyane.fr\\\/#organization\",\"name\":\"Universit\u00e9 de Guyane\",\"alternateName\":\"UG\",\"url\":\"https:\\\/\\\/www.univ-guyane.fr\\\/\",\"logo\":{\"@type\":\"ImageObject\",\"inLanguage\":\"pt-BR\",\"@id\":\"https:\\\/\\\/www.univ-guyane.fr\\\/#\\\/schema\\\/logo\\\/image\\\/\",\"url\":\"https:\\\/\\\/www.univ-guyane.fr\\\/wp-content\\\/uploads\\\/2024\\\/05\\\/f.png\",\"contentUrl\":\"https:\\\/\\\/www.univ-guyane.fr\\\/wp-content\\\/uploads\\\/2024\\\/05\\\/f.png\",\"width\":1024,\"height\":1024,\"caption\":\"Universit\u00e9 de Guyane\"},\"image\":{\"@id\":\"https:\\\/\\\/www.univ-guyane.fr\\\/#\\\/schema\\\/logo\\\/image\\\/\"},\"sameAs\":[\"https:\\\/\\\/www.facebook.com\\\/univguyane\",\"https:\\\/\\\/x.com\\\/univguyane\",\"https:\\\/\\\/gf.linkedin.com\\\/school\\\/universite-de-guyane\\\/\",\"https:\\\/\\\/www.instagram.com\\\/univ_guyane\\\/\"]},{\"@type\":\"Person\",\"@id\":\"https:\\\/\\\/www.univ-guyane.fr\\\/#\\\/schema\\\/person\\\/86d946a28a8be51bb096ccfdf19db179\",\"name\":\"Erick Loiti\u00e8re\",\"image\":{\"@type\":\"ImageObject\",\"inLanguage\":\"pt-BR\",\"@id\":\"https:\\\/\\\/secure.gravatar.com\\\/avatar\\\/0584f332103fbeaf37e52c73b15dca3c547fd9300deb05764e9ad8714839d072?s=96&d=robohash&r=g\",\"url\":\"https:\\\/\\\/secure.gravatar.com\\\/avatar\\\/0584f332103fbeaf37e52c73b15dca3c547fd9300deb05764e9ad8714839d072?s=96&d=robohash&r=g\",\"contentUrl\":\"https:\\\/\\\/secure.gravatar.com\\\/avatar\\\/0584f332103fbeaf37e52c73b15dca3c547fd9300deb05764e9ad8714839d072?s=96&d=robohash&r=g\",\"caption\":\"Erick Loiti\u00e8re\"},\"sameAs\":[\"http:\\\/\\\/www.univ-guyane.fr\"],\"url\":\"https:\\\/\\\/www.univ-guyane.fr\\\/pt\\\/author\\\/eloitierdbz\\\/\"}]}<\/script>\n<!-- \/ Yoast SEO plugin. -->","yoast_head_json":{"title":"Concours artistique sur le th\u00e8me nuit blanche &#8212; Universit\u00e9 de Guyane","robots":{"index":"index","follow":"follow","max-snippet":"max-snippet:-1","max-image-preview":"max-image-preview:large","max-video-preview":"max-video-preview:-1"},"canonical":"https:\/\/www.univ-guyane.fr\/pt\/2017\/11\/08\/concours-artistique-sur-le-theme-nuit-blanche\/","og_locale":"pt_BR","og_type":"article","og_title":"Concours artistique sur le th\u00e8me nuit blanche &#8212; Universit\u00e9 de Guyane","og_url":"https:\/\/www.univ-guyane.fr\/pt\/2017\/11\/08\/concours-artistique-sur-le-theme-nuit-blanche\/","og_site_name":"Universit\u00e9 de Guyane","article_publisher":"https:\/\/www.facebook.com\/univguyane","article_published_time":"2017-11-08T11:46:37+00:00","article_modified_time":"2024-06-28T11:50:12+00:00","og_image":[{"width":1200,"height":750,"url":"https:\/\/www.univ-guyane.fr\/wp-content\/uploads\/concours-nuit-blanche-crous-2017-universite-de-guyane.jpeg","type":"image\/jpeg"}],"author":"Erick Loiti\u00e8re","twitter_card":"summary_large_image","twitter_creator":"@univguyane","twitter_site":"@univguyane","twitter_misc":{"Escrito por":"Erick Loiti\u00e8re","Est. tempo de leitura":"4 minutos"},"schema":{"@context":"https:\/\/schema.org","@graph":[{"@type":"Article","@id":"https:\/\/www.univ-guyane.fr\/2017\/11\/08\/concours-artistique-sur-le-theme-nuit-blanche\/#article","isPartOf":{"@id":"https:\/\/www.univ-guyane.fr\/2017\/11\/08\/concours-artistique-sur-le-theme-nuit-blanche\/"},"author":{"name":"Erick Loiti\u00e8re","@id":"https:\/\/www.univ-guyane.fr\/#\/schema\/person\/86d946a28a8be51bb096ccfdf19db179"},"headline":"Concours artistique sur le th\u00e8me nuit blanche","datePublished":"2017-11-08T11:46:37+00:00","dateModified":"2024-06-28T11:50:12+00:00","mainEntityOfPage":{"@id":"https:\/\/www.univ-guyane.fr\/2017\/11\/08\/concours-artistique-sur-le-theme-nuit-blanche\/"},"wordCount":804,"publisher":{"@id":"https:\/\/www.univ-guyane.fr\/#organization"},"image":{"@id":"https:\/\/www.univ-guyane.fr\/2017\/11\/08\/concours-artistique-sur-le-theme-nuit-blanche\/#primaryimage"},"thumbnailUrl":"https:\/\/www.univ-guyane.fr\/wp-content\/uploads\/concours-nuit-blanche-crous-2017-universite-de-guyane.jpeg","articleSection":["\u2022\u00a0Campus","\u2022 CROUS"],"inLanguage":"pt-BR"},{"@type":"WebPage","@id":"https:\/\/www.univ-guyane.fr\/2017\/11\/08\/concours-artistique-sur-le-theme-nuit-blanche\/","url":"https:\/\/www.univ-guyane.fr\/2017\/11\/08\/concours-artistique-sur-le-theme-nuit-blanche\/","name":"Concours artistique sur le th\u00e8me nuit blanche &#8212; Universit\u00e9 de Guyane","isPartOf":{"@id":"https:\/\/www.univ-guyane.fr\/#website"},"primaryImageOfPage":{"@id":"https:\/\/www.univ-guyane.fr\/2017\/11\/08\/concours-artistique-sur-le-theme-nuit-blanche\/#primaryimage"},"image":{"@id":"https:\/\/www.univ-guyane.fr\/2017\/11\/08\/concours-artistique-sur-le-theme-nuit-blanche\/#primaryimage"},"thumbnailUrl":"https:\/\/www.univ-guyane.fr\/wp-content\/uploads\/concours-nuit-blanche-crous-2017-universite-de-guyane.jpeg","datePublished":"2017-11-08T11:46:37+00:00","dateModified":"2024-06-28T11:50:12+00:00","breadcrumb":{"@id":"https:\/\/www.univ-guyane.fr\/2017\/11\/08\/concours-artistique-sur-le-theme-nuit-blanche\/#breadcrumb"},"inLanguage":"pt-BR","potentialAction":[{"@type":"ReadAction","target":["https:\/\/www.univ-guyane.fr\/2017\/11\/08\/concours-artistique-sur-le-theme-nuit-blanche\/"]}]},{"@type":"ImageObject","inLanguage":"pt-BR","@id":"https:\/\/www.univ-guyane.fr\/2017\/11\/08\/concours-artistique-sur-le-theme-nuit-blanche\/#primaryimage","url":"https:\/\/www.univ-guyane.fr\/wp-content\/uploads\/concours-nuit-blanche-crous-2017-universite-de-guyane.jpeg","contentUrl":"https:\/\/www.univ-guyane.fr\/wp-content\/uploads\/concours-nuit-blanche-crous-2017-universite-de-guyane.jpeg","width":1200,"height":750,"caption":"Concours artistique sur le th\u00e8me nuit blanche"},{"@type":"BreadcrumbList","@id":"https:\/\/www.univ-guyane.fr\/2017\/11\/08\/concours-artistique-sur-le-theme-nuit-blanche\/#breadcrumb","itemListElement":[{"@type":"ListItem","position":1,"name":"Accueil","item":"https:\/\/www.univ-guyane.fr\/"},{"@type":"ListItem","position":2,"name":"Concours artistique sur le th\u00e8me nuit blanche"}]},{"@type":"WebSite","@id":"https:\/\/www.univ-guyane.fr\/#website","url":"https:\/\/www.univ-guyane.fr\/","name":"Universidade da Guiana","description":"No cora\u00e7\u00e3o da Amaz\u00f4nia","publisher":{"@id":"https:\/\/www.univ-guyane.fr\/#organization"},"alternateName":"UG","potentialAction":[{"@type":"SearchAction","target":{"@type":"EntryPoint","urlTemplate":"https:\/\/www.univ-guyane.fr\/?s={search_term_string}"},"query-input":{"@type":"PropertyValueSpecification","valueRequired":true,"valueName":"search_term_string"}}],"inLanguage":"pt-BR"},{"@type":"Organization","@id":"https:\/\/www.univ-guyane.fr\/#organization","name":"Universidade da Guiana","alternateName":"UG","url":"https:\/\/www.univ-guyane.fr\/","logo":{"@type":"ImageObject","inLanguage":"pt-BR","@id":"https:\/\/www.univ-guyane.fr\/#\/schema\/logo\/image\/","url":"https:\/\/www.univ-guyane.fr\/wp-content\/uploads\/2024\/05\/f.png","contentUrl":"https:\/\/www.univ-guyane.fr\/wp-content\/uploads\/2024\/05\/f.png","width":1024,"height":1024,"caption":"Universit\u00e9 de Guyane"},"image":{"@id":"https:\/\/www.univ-guyane.fr\/#\/schema\/logo\/image\/"},"sameAs":["https:\/\/www.facebook.com\/univguyane","https:\/\/x.com\/univguyane","https:\/\/gf.linkedin.com\/school\/universite-de-guyane\/","https:\/\/www.instagram.com\/univ_guyane\/"]},{"@type":"Person","@id":"https:\/\/www.univ-guyane.fr\/#\/schema\/person\/86d946a28a8be51bb096ccfdf19db179","name":"Erick Loiti\u00e8re","image":{"@type":"ImageObject","inLanguage":"pt-BR","@id":"https:\/\/secure.gravatar.com\/avatar\/0584f332103fbeaf37e52c73b15dca3c547fd9300deb05764e9ad8714839d072?s=96&d=robohash&r=g","url":"https:\/\/secure.gravatar.com\/avatar\/0584f332103fbeaf37e52c73b15dca3c547fd9300deb05764e9ad8714839d072?s=96&d=robohash&r=g","contentUrl":"https:\/\/secure.gravatar.com\/avatar\/0584f332103fbeaf37e52c73b15dca3c547fd9300deb05764e9ad8714839d072?s=96&d=robohash&r=g","caption":"Erick Loiti\u00e8re"},"sameAs":["http:\/\/www.univ-guyane.fr"],"url":"https:\/\/www.univ-guyane.fr\/pt\/author\/eloitierdbz\/"}]}},"_links":{"self":[{"href":"https:\/\/www.univ-guyane.fr\/pt\/wp-json\/wp\/v2\/posts\/9493","targetHints":{"allow":["GET"]}}],"collection":[{"href":"https:\/\/www.univ-guyane.fr\/pt\/wp-json\/wp\/v2\/posts"}],"about":[{"href":"https:\/\/www.univ-guyane.fr\/pt\/wp-json\/wp\/v2\/types\/post"}],"author":[{"embeddable":true,"href":"https:\/\/www.univ-guyane.fr\/pt\/wp-json\/wp\/v2\/users\/1"}],"replies":[{"embeddable":true,"href":"https:\/\/www.univ-guyane.fr\/pt\/wp-json\/wp\/v2\/comments?post=9493"}],"version-history":[{"count":1,"href":"https:\/\/www.univ-guyane.fr\/pt\/wp-json\/wp\/v2\/posts\/9493\/revisions"}],"predecessor-version":[{"id":9495,"href":"https:\/\/www.univ-guyane.fr\/pt\/wp-json\/wp\/v2\/posts\/9493\/revisions\/9495"}],"wp:featuredmedia":[{"embeddable":true,"href":"https:\/\/www.univ-guyane.fr\/pt\/wp-json\/wp\/v2\/media\/9494"}],"wp:attachment":[{"href":"https:\/\/www.univ-guyane.fr\/pt\/wp-json\/wp\/v2\/media?parent=9493"}],"wp:term":[{"taxonomy":"category","embeddable":true,"href":"https:\/\/www.univ-guyane.fr\/pt\/wp-json\/wp\/v2\/categories?post=9493"},{"taxonomy":"post_tag","embeddable":true,"href":"https:\/\/www.univ-guyane.fr\/pt\/wp-json\/wp\/v2\/tags?post=9493"}],"curies":[{"name":"wp","href":"https:\/\/api.w.org\/{rel}","templated":true}]}}